{"id":1669,"date":"2015-07-10T09:00:08","date_gmt":"2015-07-10T13:30:08","guid":{"rendered":"http:\/\/tedexis.com\/wp\/?p=1669"},"modified":"2015-07-10T10:55:07","modified_gmt":"2015-07-10T15:25:07","slug":"el-roaming-tiene-los-dias-contados-en-la-union-europea","status":"publish","type":"post","link":"https:\/\/www.tedexis.com\/en\/blog\/el-roaming-tiene-los-dias-contados-en-la-union-europea\/","title":{"rendered":"El roaming tiene los d\u00edas contados en la Uni\u00f3n Europea"},"content":{"rendered":"<p>El 15 de junio de 2017 llegar\u00e1 a su fin el roaming dentro de la Uni\u00f3n Europea (UE). Tras dos a\u00f1os de negociaci\u00f3n entre las operadoras telef\u00f3nicas, el Parlamento Europeo y la Comis\u00f3n Europea, esta \u00faltima logr\u00f3 su cometido: firmar un acuerdo para poner fin a las tarifas de itinerancia y garantizar el acceso abierto al Internet.<\/p>\n<p>Esta reforma aprobada el pasado 30 de junio se dar\u00e1 de forma paulatina hasta llegar al punto en que los consumidores pagar\u00e1n el mismo precio por las llamadas, los<a title=\"Env\u00edo de SMS var\u00eda seg\u00fan cada pa\u00eds\" href=\"https:\/\/www.tedexis.com\/en\/wp\/blog\/envio-de-sms-varia-segun-cada-pais\/\"> SMS<\/a> y por el uso de datos m\u00f3viles independientemente de si se encuentran en su pa\u00eds de residencia, o si viajan a cualquiera de los pa\u00edses que conforman la UE.<\/p>\n<p>G\u00fcnther H. Oettinger, Comisario europeo de Econom\u00eda Digital y Sociedad, dijo: \u00abDoy la bienvenida a un acuerdo fundamental de hoy para terminar, finalmente, las tarifas de itinerancia y establecer reglas de neutralidad de la red pragm\u00e1ticas en toda la UE Ambos son esenciales para los consumidores y las empresas en la econom\u00eda digital europea de hoy y la sociedad. . Vamos a construir sobre estas bases importantes en nuestra pr\u00f3xima revisi\u00f3n de la legislaci\u00f3n de la UE de las telecomunicaciones\u00bb.<\/p>\n<p>El final de roaming ser\u00e1 paulatino. En 2016 habr\u00e1 una reducci\u00f3n de las tarifas, y ser\u00e1 ya en junio de 2017 que desaparecer\u00e1 completamente; fecha en la que se fijar\u00e1 un l\u00edmite \u201cjusto\u201d (sin determinar todav\u00eda) de consumo en llamadas, SMS y datos desde otros pa\u00edses comunitarios. Al pasar dicho l\u00edmite los usuarios deber\u00e1n cancelar un monto b\u00e1sico, muy econ\u00f3mico en comparaci\u00f3n con las cantidades que se pagan en la actualidad.<\/p>\n<p>El acuerdo logrado la pasada semana (todav\u00eda pendiente de aprobaci\u00f3n final por parte del Parlamento Europeo, aunque se considera \u00e9ste ser\u00e1 un mero tr\u00e1mite), consagra tambi\u00e9n por primera vez el principio de neutralidad\u00a0 de la red en la UE. Los usuarios tendr\u00e1n la libertad de accedes a los contenidos que quieran sin ser bloqueados y el pago por parte de empresas para recibir prioridad y visibilidad no estar\u00e1 permitido.<\/p>\n<p>Dentro de esta red abierta el tr\u00e1fico estar\u00e1 sujeto estrictamente a excepciones de inter\u00e9s p\u00fablico como la seguridad en la red y la lucha contra la pornograf\u00eda infantil.<\/p>\n<p>Fuentes: <a href=\"http:\/\/goo.gl\/L0nTsa\" target=\"_blank\">http:\/\/goo.gl\/L0nTsa<\/a><\/p>\n<p><a href=\"http:\/\/goo.gl\/8pl6Pi\" target=\"_blank\">http:\/\/goo.gl\/8pl6Pi<\/a><\/p>","protected":false},"excerpt":{"rendered":"<p>El 15 de junio de 2017 llegar\u00e1 a su fin el roaming dentro de la Uni\u00f3n Europea (UE). Tras dos [&hellip;]<\/p>\n","protected":false},"author":5,"featured_media":1671,"comment_status":"open","ping_status":"open","sticky":false,"template":"","format":"standard","meta":{"_monsterinsights_skip_tracking":false,"_monsterinsights_sitenote_active":false,"_monsterinsights_sitenote_note":"","_monsterinsights_sitenote_category":0,"site-sidebar-layout":"default","site-content-layout":"","ast-site-content-layout":"default","site-content-style":"default","site-sidebar-style":"default","ast-global-header-display":"","ast-banner-title-visibility":"","ast-main-header-display":"","ast-hfb-above-header-display":"","ast-hfb-below-header-display":"","ast-hfb-mobile-header-display":"","site-post-title":"","ast-breadcrumbs-content":"","ast-featured-img":"","footer-sml-layout":"","ast-disable-related-posts":"","theme-transparent-header-meta":"","adv-header-id-meta":"","stick-header-meta":"","header-above-stick-meta":"","header-main-stick-meta":"","header-below-stick-meta":"","astra-migrate-meta-layouts":"default","ast-page-background-enabled":"default","ast-page-background-meta":{"desktop":{"background-color":"var(--ast-global-color-4)","background-image":"","background-repeat":"repeat","background-position":"center center","background-size":"auto","background-attachment":"scroll","background-type":"","background-media":"","overlay-type":"","overlay-color":"","overlay-opacity":"","overlay-gradient":""},"tablet":{"background-color":"","background-image":"","background-repeat":"repeat","background-position":"center center","background-size":"auto","background-attachment":"scroll","background-type":"","background-media":"","overlay-type":"","overlay-color":"","overlay-opacity":"","overlay-gradient":""},"mobile":{"background-color":"","background-image":"","background-repeat":"repeat","background-position":"center center","background-size":"auto","background-attachment":"scroll","background-type":"","background-media":"","overlay-type":"","overlay-color":"","overlay-opacity":"","overlay-gradient":""}},"ast-content-background-meta":{"desktop":{"background-color":"var(--ast-global-color-5)","background-image":"","background-repeat":"repeat","background-position":"center center","background-size":"auto","background-attachment":"scroll","background-type":"","background-media":"","overlay-type":"","overlay-color":"","overlay-opacity":"","overlay-gradient":""},"tablet":{"background-color":"var(--ast-global-color-5)","background-image":"","background-repeat":"repeat","background-position":"center center","background-size":"auto","background-attachment":"scroll","background-type":"","background-media":"","overlay-type":"","overlay-color":"","overlay-opacity":"","overlay-gradient":""},"mobile":{"background-color":"var(--ast-global-color-5)","background-image":"","background-repeat":"repeat","background-position":"center center","background-size":"auto","background-attachment":"scroll","background-type":"","background-media":"","overlay-type":"","overlay-color":"","overlay-opacity":"","overlay-gradient":""}},"footnotes":""},"categories":[16,33,25],"tags":[91,63,64],"class_list":["post-1669","post","type-post","status-publish","format-standard","has-post-thumbnail","hentry","category-blog","category-internet","category-movilidad","tag-movilidad","tag-smartphone","tag-sms"],"yoast_head":"<!-- This site is optimized with the Yoast SEO plugin v27.3 - https:\/\/yoast.com\/product\/yoast-seo-wordpress\/ -->\n<title>El roaming tiene los d\u00edas contados en la Uni\u00f3n Europea - Somos Tedexis - Soluciones m\u00f3viles seguras<\/title>\n<meta name=\"description\" content=\"El 15 de junio de 2017 llegar\u00e1 a su fin el roaming en la Uni\u00f3n Europea. Se logr\u00f3 un acuerdo para poner fin a las tarifas y garantizar el acceso a Internet.\" \/>\n<meta name=\"robots\" content=\"index, follow, max-snippet:-1, max-image-preview:large, max-video-preview:-1\" \/>\n<link rel=\"canonical\" href=\"https:\/\/www.tedexis.com\/en\/blog\/el-roaming-tiene-los-dias-contados-en-la-union-europea\/\" \/>\n<meta property=\"og:locale\" content=\"en_US\" \/>\n<meta property=\"og:type\" content=\"article\" \/>\n<meta property=\"og:title\" content=\"El roaming tiene los d\u00edas contados en la Uni\u00f3n Europea - Somos Tedexis - Soluciones m\u00f3viles seguras\" \/>\n<meta property=\"og:description\" content=\"El 15 de junio de 2017 llegar\u00e1 a su fin el roaming en la Uni\u00f3n Europea. Se logr\u00f3 un acuerdo para poner fin a las tarifas y garantizar el acceso a Internet.\" \/>\n<meta property=\"og:url\" content=\"https:\/\/www.tedexis.com\/en\/blog\/el-roaming-tiene-los-dias-contados-en-la-union-europea\/\" \/>\n<meta property=\"og:site_name\" content=\"Somos Tedexis - Soluciones m\u00f3viles seguras\" \/>\n<meta property=\"article:publisher\" content=\"https:\/\/www.facebook.com\/Tedexis\" \/>\n<meta property=\"article:published_time\" content=\"2015-07-10T13:30:08+00:00\" \/>\n<meta property=\"article:modified_time\" content=\"2015-07-10T15:25:07+00:00\" \/>\n<meta property=\"og:image\" content=\"https:\/\/www.tedexis.com\/wp-content\/uploads\/2015\/07\/Roaming.jpg\" \/>\n\t<meta property=\"og:image:width\" content=\"520\" \/>\n\t<meta property=\"og:image:height\" content=\"280\" \/>\n\t<meta property=\"og:image:type\" content=\"image\/jpeg\" \/>\n<meta name=\"twitter:card\" content=\"summary_large_image\" \/>\n<meta name=\"twitter:creator\" content=\"@tedexis\" \/>\n<meta name=\"twitter:site\" content=\"@tedexis\" \/>\n<meta name=\"twitter:label1\" content=\"Written by\" \/>\n\t<meta name=\"twitter:data1\" content=\"\" \/>\n\t<meta name=\"twitter:label2\" content=\"Est. reading time\" \/>\n\t<meta name=\"twitter:data2\" content=\"2 minutes\" \/>\n<script type=\"application\/ld+json\" class=\"yoast-schema-graph\">{\"@context\":\"https:\\\/\\\/schema.org\",\"@graph\":[{\"@type\":\"Article\",\"@id\":\"https:\\\/\\\/www.tedexis.com\\\/en\\\/blog\\\/el-roaming-tiene-los-dias-contados-en-la-union-europea\\\/#article\",\"isPartOf\":{\"@id\":\"https:\\\/\\\/www.tedexis.com\\\/en\\\/blog\\\/el-roaming-tiene-los-dias-contados-en-la-union-europea\\\/\"},\"author\":{\"name\":\"\",\"@id\":\"\"},\"headline\":\"El roaming tiene los d\u00edas contados en la Uni\u00f3n Europea\",\"datePublished\":\"2015-07-10T13:30:08+00:00\",\"dateModified\":\"2015-07-10T15:25:07+00:00\",\"mainEntityOfPage\":{\"@id\":\"https:\\\/\\\/www.tedexis.com\\\/en\\\/blog\\\/el-roaming-tiene-los-dias-contados-en-la-union-europea\\\/\"},\"wordCount\":415,\"commentCount\":0,\"publisher\":{\"@id\":\"https:\\\/\\\/www.tedexis.com\\\/#organization\"},\"image\":{\"@id\":\"https:\\\/\\\/www.tedexis.com\\\/en\\\/blog\\\/el-roaming-tiene-los-dias-contados-en-la-union-europea\\\/#primaryimage\"},\"thumbnailUrl\":\"https:\\\/\\\/www.tedexis.com\\\/wp-content\\\/uploads\\\/2015\\\/07\\\/Roaming.jpg\",\"keywords\":[\"Movilidad\",\"Smartphone\",\"SMS\"],\"articleSection\":[\"Blog\",\"Internet\",\"Movilidad\"],\"inLanguage\":\"en-US\",\"potentialAction\":[{\"@type\":\"CommentAction\",\"name\":\"Comment\",\"target\":[\"https:\\\/\\\/www.tedexis.com\\\/en\\\/blog\\\/el-roaming-tiene-los-dias-contados-en-la-union-europea\\\/#respond\"]}]},{\"@type\":\"WebPage\",\"@id\":\"https:\\\/\\\/www.tedexis.com\\\/en\\\/blog\\\/el-roaming-tiene-los-dias-contados-en-la-union-europea\\\/\",\"url\":\"https:\\\/\\\/www.tedexis.com\\\/en\\\/blog\\\/el-roaming-tiene-los-dias-contados-en-la-union-europea\\\/\",\"name\":\"El roaming tiene los d\u00edas contados en la Uni\u00f3n Europea - Somos Tedexis - Soluciones m\u00f3viles seguras\",\"isPartOf\":{\"@id\":\"https:\\\/\\\/www.tedexis.com\\\/#website\"},\"primaryImageOfPage\":{\"@id\":\"https:\\\/\\\/www.tedexis.com\\\/en\\\/blog\\\/el-roaming-tiene-los-dias-contados-en-la-union-europea\\\/#primaryimage\"},\"image\":{\"@id\":\"https:\\\/\\\/www.tedexis.com\\\/en\\\/blog\\\/el-roaming-tiene-los-dias-contados-en-la-union-europea\\\/#primaryimage\"},\"thumbnailUrl\":\"https:\\\/\\\/www.tedexis.com\\\/wp-content\\\/uploads\\\/2015\\\/07\\\/Roaming.jpg\",\"datePublished\":\"2015-07-10T13:30:08+00:00\",\"dateModified\":\"2015-07-10T15:25:07+00:00\",\"description\":\"El 15 de junio de 2017 llegar\u00e1 a su fin el roaming en la Uni\u00f3n Europea. Se logr\u00f3 un acuerdo para poner fin a las tarifas y garantizar el acceso a Internet.\",\"breadcrumb\":{\"@id\":\"https:\\\/\\\/www.tedexis.com\\\/en\\\/blog\\\/el-roaming-tiene-los-dias-contados-en-la-union-europea\\\/#breadcrumb\"},\"inLanguage\":\"en-US\",\"potentialAction\":[{\"@type\":\"ReadAction\",\"target\":[\"https:\\\/\\\/www.tedexis.com\\\/en\\\/blog\\\/el-roaming-tiene-los-dias-contados-en-la-union-europea\\\/\"]}]},{\"@type\":\"ImageObject\",\"inLanguage\":\"en-US\",\"@id\":\"https:\\\/\\\/www.tedexis.com\\\/en\\\/blog\\\/el-roaming-tiene-los-dias-contados-en-la-union-europea\\\/#primaryimage\",\"url\":\"https:\\\/\\\/www.tedexis.com\\\/wp-content\\\/uploads\\\/2015\\\/07\\\/Roaming.jpg\",\"contentUrl\":\"https:\\\/\\\/www.tedexis.com\\\/wp-content\\\/uploads\\\/2015\\\/07\\\/Roaming.jpg\",\"width\":520,\"height\":280,\"caption\":\"Roaming\"},{\"@type\":\"BreadcrumbList\",\"@id\":\"https:\\\/\\\/www.tedexis.com\\\/en\\\/blog\\\/el-roaming-tiene-los-dias-contados-en-la-union-europea\\\/#breadcrumb\",\"itemListElement\":[{\"@type\":\"ListItem\",\"position\":1,\"name\":\"Portada\",\"item\":\"https:\\\/\\\/www.tedexis.com\\\/\"},{\"@type\":\"ListItem\",\"position\":2,\"name\":\"El roaming tiene los d\u00edas contados en la Uni\u00f3n Europea\"}]},{\"@type\":\"WebSite\",\"@id\":\"https:\\\/\\\/www.tedexis.com\\\/#website\",\"url\":\"https:\\\/\\\/www.tedexis.com\\\/\",\"name\":\"Somos Tedexis - Soluciones m\u00f3viles seguras\",\"description\":\"Tedexis es una empresa l\u00edder en soluciones m\u00f3viles, mensajer\u00eda y gesti\u00f3n de tr\u00e1fico SMS en Am\u00e9rica Latina. Cont\u00e1ctanos hoy mismo.\",\"publisher\":{\"@id\":\"https:\\\/\\\/www.tedexis.com\\\/#organization\"},\"alternateName\":\"Tedexis\",\"potentialAction\":[{\"@type\":\"SearchAction\",\"target\":{\"@type\":\"EntryPoint\",\"urlTemplate\":\"https:\\\/\\\/www.tedexis.com\\\/?s={search_term_string}\"},\"query-input\":{\"@type\":\"PropertyValueSpecification\",\"valueRequired\":true,\"valueName\":\"search_term_string\"}}],\"inLanguage\":\"en-US\"},{\"@type\":\"Organization\",\"@id\":\"https:\\\/\\\/www.tedexis.com\\\/#organization\",\"name\":\"Tedexis\",\"alternateName\":\"Tedexis\",\"url\":\"https:\\\/\\\/www.tedexis.com\\\/\",\"logo\":{\"@type\":\"ImageObject\",\"inLanguage\":\"en-US\",\"@id\":\"https:\\\/\\\/www.tedexis.com\\\/#\\\/schema\\\/logo\\\/image\\\/\",\"url\":\"https:\\\/\\\/www.tedexis.com\\\/wp-content\\\/uploads\\\/2024\\\/06\\\/logo-tipografia-tedexis2-.png\",\"contentUrl\":\"https:\\\/\\\/www.tedexis.com\\\/wp-content\\\/uploads\\\/2024\\\/06\\\/logo-tipografia-tedexis2-.png\",\"width\":1240,\"height\":429,\"caption\":\"Tedexis\"},\"image\":{\"@id\":\"https:\\\/\\\/www.tedexis.com\\\/#\\\/schema\\\/logo\\\/image\\\/\"},\"sameAs\":[\"https:\\\/\\\/www.facebook.com\\\/Tedexis\",\"https:\\\/\\\/x.com\\\/tedexis\",\"https:\\\/\\\/www.linkedin.com\\\/company\\\/tedexis\\\/\"]},{\"@type\":\"Person\",\"@id\":\"\",\"url\":\"https:\\\/\\\/www.tedexis.com\\\/en\\\/blog\\\/author\\\/\"}]}<\/script>\n<!-- \/ Yoast SEO plugin. -->","yoast_head_json":{"title":"El roaming tiene los d\u00edas contados en la Uni\u00f3n Europea - Somos Tedexis - Soluciones m\u00f3viles seguras","description":"El 15 de junio de 2017 llegar\u00e1 a su fin el roaming en la Uni\u00f3n Europea. Se logr\u00f3 un acuerdo para poner fin a las tarifas y garantizar el acceso a Internet.","robots":{"index":"index","follow":"follow","max-snippet":"max-snippet:-1","max-image-preview":"max-image-preview:large","max-video-preview":"max-video-preview:-1"},"canonical":"https:\/\/www.tedexis.com\/en\/blog\/el-roaming-tiene-los-dias-contados-en-la-union-europea\/","og_locale":"en_US","og_type":"article","og_title":"El roaming tiene los d\u00edas contados en la Uni\u00f3n Europea - Somos Tedexis - Soluciones m\u00f3viles seguras","og_description":"El 15 de junio de 2017 llegar\u00e1 a su fin el roaming en la Uni\u00f3n Europea. Se logr\u00f3 un acuerdo para poner fin a las tarifas y garantizar el acceso a Internet.","og_url":"https:\/\/www.tedexis.com\/en\/blog\/el-roaming-tiene-los-dias-contados-en-la-union-europea\/","og_site_name":"Somos Tedexis - Soluciones m\u00f3viles seguras","article_publisher":"https:\/\/www.facebook.com\/Tedexis","article_published_time":"2015-07-10T13:30:08+00:00","article_modified_time":"2015-07-10T15:25:07+00:00","og_image":[{"width":520,"height":280,"url":"https:\/\/www.tedexis.com\/wp-content\/uploads\/2015\/07\/Roaming.jpg","type":"image\/jpeg"}],"twitter_card":"summary_large_image","twitter_creator":"@tedexis","twitter_site":"@tedexis","twitter_misc":{"Written by":"","Est. reading time":"2 minutes"},"schema":{"@context":"https:\/\/schema.org","@graph":[{"@type":"Article","@id":"https:\/\/www.tedexis.com\/en\/blog\/el-roaming-tiene-los-dias-contados-en-la-union-europea\/#article","isPartOf":{"@id":"https:\/\/www.tedexis.com\/en\/blog\/el-roaming-tiene-los-dias-contados-en-la-union-europea\/"},"author":{"name":"","@id":""},"headline":"El roaming tiene los d\u00edas contados en la Uni\u00f3n Europea","datePublished":"2015-07-10T13:30:08+00:00","dateModified":"2015-07-10T15:25:07+00:00","mainEntityOfPage":{"@id":"https:\/\/www.tedexis.com\/en\/blog\/el-roaming-tiene-los-dias-contados-en-la-union-europea\/"},"wordCount":415,"commentCount":0,"publisher":{"@id":"https:\/\/www.tedexis.com\/#organization"},"image":{"@id":"https:\/\/www.tedexis.com\/en\/blog\/el-roaming-tiene-los-dias-contados-en-la-union-europea\/#primaryimage"},"thumbnailUrl":"https:\/\/www.tedexis.com\/wp-content\/uploads\/2015\/07\/Roaming.jpg","keywords":["Movilidad","Smartphone","SMS"],"articleSection":["Blog","Internet","Movilidad"],"inLanguage":"en-US","potentialAction":[{"@type":"CommentAction","name":"Comment","target":["https:\/\/www.tedexis.com\/en\/blog\/el-roaming-tiene-los-dias-contados-en-la-union-europea\/#respond"]}]},{"@type":"WebPage","@id":"https:\/\/www.tedexis.com\/en\/blog\/el-roaming-tiene-los-dias-contados-en-la-union-europea\/","url":"https:\/\/www.tedexis.com\/en\/blog\/el-roaming-tiene-los-dias-contados-en-la-union-europea\/","name":"El roaming tiene los d\u00edas contados en la Uni\u00f3n Europea - Somos Tedexis - Soluciones m\u00f3viles seguras","isPartOf":{"@id":"https:\/\/www.tedexis.com\/#website"},"primaryImageOfPage":{"@id":"https:\/\/www.tedexis.com\/en\/blog\/el-roaming-tiene-los-dias-contados-en-la-union-europea\/#primaryimage"},"image":{"@id":"https:\/\/www.tedexis.com\/en\/blog\/el-roaming-tiene-los-dias-contados-en-la-union-europea\/#primaryimage"},"thumbnailUrl":"https:\/\/www.tedexis.com\/wp-content\/uploads\/2015\/07\/Roaming.jpg","datePublished":"2015-07-10T13:30:08+00:00","dateModified":"2015-07-10T15:25:07+00:00","description":"El 15 de junio de 2017 llegar\u00e1 a su fin el roaming en la Uni\u00f3n Europea. Se logr\u00f3 un acuerdo para poner fin a las tarifas y garantizar el acceso a Internet.","breadcrumb":{"@id":"https:\/\/www.tedexis.com\/en\/blog\/el-roaming-tiene-los-dias-contados-en-la-union-europea\/#breadcrumb"},"inLanguage":"en-US","potentialAction":[{"@type":"ReadAction","target":["https:\/\/www.tedexis.com\/en\/blog\/el-roaming-tiene-los-dias-contados-en-la-union-europea\/"]}]},{"@type":"ImageObject","inLanguage":"en-US","@id":"https:\/\/www.tedexis.com\/en\/blog\/el-roaming-tiene-los-dias-contados-en-la-union-europea\/#primaryimage","url":"https:\/\/www.tedexis.com\/wp-content\/uploads\/2015\/07\/Roaming.jpg","contentUrl":"https:\/\/www.tedexis.com\/wp-content\/uploads\/2015\/07\/Roaming.jpg","width":520,"height":280,"caption":"Roaming"},{"@type":"BreadcrumbList","@id":"https:\/\/www.tedexis.com\/en\/blog\/el-roaming-tiene-los-dias-contados-en-la-union-europea\/#breadcrumb","itemListElement":[{"@type":"ListItem","position":1,"name":"Portada","item":"https:\/\/www.tedexis.com\/"},{"@type":"ListItem","position":2,"name":"El roaming tiene los d\u00edas contados en la Uni\u00f3n Europea"}]},{"@type":"WebSite","@id":"https:\/\/www.tedexis.com\/#website","url":"https:\/\/www.tedexis.com\/","name":"Somos Tedexis - Soluciones m\u00f3viles seguras","description":"Tedexis es una empresa l\u00edder en soluciones m\u00f3viles, mensajer\u00eda y gesti\u00f3n de tr\u00e1fico SMS en Am\u00e9rica Latina. Cont\u00e1ctanos hoy mismo.","publisher":{"@id":"https:\/\/www.tedexis.com\/#organization"},"alternateName":"Tedexis","potentialAction":[{"@type":"SearchAction","target":{"@type":"EntryPoint","urlTemplate":"https:\/\/www.tedexis.com\/?s={search_term_string}"},"query-input":{"@type":"PropertyValueSpecification","valueRequired":true,"valueName":"search_term_string"}}],"inLanguage":"en-US"},{"@type":"Organization","@id":"https:\/\/www.tedexis.com\/#organization","name":"Tedexis","alternateName":"Tedexis","url":"https:\/\/www.tedexis.com\/","logo":{"@type":"ImageObject","inLanguage":"en-US","@id":"https:\/\/www.tedexis.com\/#\/schema\/logo\/image\/","url":"https:\/\/www.tedexis.com\/wp-content\/uploads\/2024\/06\/logo-tipografia-tedexis2-.png","contentUrl":"https:\/\/www.tedexis.com\/wp-content\/uploads\/2024\/06\/logo-tipografia-tedexis2-.png","width":1240,"height":429,"caption":"Tedexis"},"image":{"@id":"https:\/\/www.tedexis.com\/#\/schema\/logo\/image\/"},"sameAs":["https:\/\/www.facebook.com\/Tedexis","https:\/\/x.com\/tedexis","https:\/\/www.linkedin.com\/company\/tedexis\/"]},{"@type":"Person","@id":"","url":"https:\/\/www.tedexis.com\/en\/blog\/author\/"}]}},"_links":{"self":[{"href":"https:\/\/www.tedexis.com\/en\/wp-json\/wp\/v2\/posts\/1669","targetHints":{"allow":["GET"]}}],"collection":[{"href":"https:\/\/www.tedexis.com\/en\/wp-json\/wp\/v2\/posts"}],"about":[{"href":"https:\/\/www.tedexis.com\/en\/wp-json\/wp\/v2\/types\/post"}],"author":[{"embeddable":true,"href":"https:\/\/www.tedexis.com\/en\/wp-json\/wp\/v2\/users\/5"}],"replies":[{"embeddable":true,"href":"https:\/\/www.tedexis.com\/en\/wp-json\/wp\/v2\/comments?post=1669"}],"version-history":[{"count":3,"href":"https:\/\/www.tedexis.com\/en\/wp-json\/wp\/v2\/posts\/1669\/revisions"}],"predecessor-version":[{"id":1679,"href":"https:\/\/www.tedexis.com\/en\/wp-json\/wp\/v2\/posts\/1669\/revisions\/1679"}],"wp:featuredmedia":[{"embeddable":true,"href":"https:\/\/www.tedexis.com\/en\/wp-json\/wp\/v2\/media\/1671"}],"wp:attachment":[{"href":"https:\/\/www.tedexis.com\/en\/wp-json\/wp\/v2\/media?parent=1669"}],"wp:term":[{"taxonomy":"category","embeddable":true,"href":"https:\/\/www.tedexis.com\/en\/wp-json\/wp\/v2\/categories?post=1669"},{"taxonomy":"post_tag","embeddable":true,"href":"https:\/\/www.tedexis.com\/en\/wp-json\/wp\/v2\/tags?post=1669"}],"curies":[{"name":"wp","href":"https:\/\/api.w.org\/{rel}","templated":true}]}}