{"id":1330,"date":"2015-03-02T09:00:28","date_gmt":"2015-03-02T13:30:28","guid":{"rendered":"http:\/\/tedexis.com\/wp\/?p=1330"},"modified":"2015-03-02T09:01:59","modified_gmt":"2015-03-02T13:31:59","slug":"mobile-world-congress-2015-evento-movil-mas-esperado","status":"publish","type":"post","link":"https:\/\/www.tedexis.com\/en\/blog\/mobile-world-congress-2015-evento-movil-mas-esperado\/","title":{"rendered":"Mobile World Congress 2015: evento m\u00f3vil m\u00e1s esperado"},"content":{"rendered":"<p>Por d\u00e9cimo a\u00f1o consecutivo la industria m\u00f3vil se re\u00fane en Barcelona para celebrar el GSMA Mobile World Congress (MWC) 2015, el evento m\u00e1s importante del sector de la comunicaci\u00f3n m\u00f3vil, y Tedexis, una empresa de emprendimiento fundada en Venezuela en el a\u00f1o 2000, pionera regional en la implementaci\u00f3n de soluciones m\u00f3viles, estar\u00e1 presente.<\/p>\n<p>Entre el 2 y el 5 de marzo la Feria de Barcelona recibir\u00e1 a los grandes nombres de la industria para presentar las novedades y los grandes avances de tecnol\u00f3gicos en comunicaci\u00f3n m\u00f3vil para este 2015.<\/p>\n<p>Ser\u00e1n cuatro d\u00edas en los que l\u00edderes de la industria, innovadores, visionarios e inversionistas participar\u00e1n en un evento con m\u00e1s de 1.900 expositores, para explorar las tendencias en movilidad de los pr\u00f3ximos a\u00f1os.<\/p>\n<p>El MWC es la plataforma ideal para que empresas de todo el mundo dedicadas al desarrollo de sistemas inal\u00e1mbricos y aplicaciones m\u00f3viles encuentren oportunidades y creen redes de trabajo.<\/p>\n<p>Este a\u00f1o los organizadores del MWC apostaron por incluir dentro de su programaci\u00f3n eventos espec\u00edficos sobre salud m\u00f3vil, soluciones m\u00f3viles para el \u00e1rea tur\u00edstica, y por primera vez una secci\u00f3n de videojuegos.<\/p>\n<p>Tedexis asiste al congreso como una empresa con liderazgo regional en Am\u00e9rica Latina debido a sus casos de \u00e9xito en el mercado m\u00f3vil sobre todo en las \u00e1reas de banca y comercio m\u00f3vil.<\/p>\n<p><strong>Principales asistentes<\/strong><\/p>\n<p>Se tiene previsto que importantes nombres del mundo de la tecnolog\u00eda expongan sus ideas y proyectos.<\/p>\n<p>El presidente de Facebook, Mark Zuckerberg \u2013quien tambi\u00e9n particip\u00f3 en la edici\u00f3n de 2014- confirm\u00f3 su participaci\u00f3n en el congreso.<\/p>\n<p>Sundar Pichai, padre del sistema operativo Android, tambi\u00e9n ser\u00e1 ponente del MWC, al igual que Hans Vestberg, CEO de Ericsson; Steve Mollenkopf, CEO de Qualcomm; Ken Hu, CEO rotativo de Huawei; y Jimmy Wales, fundador de Wikipedia.<\/p>\n<p>Dentro del marco del congreso y aparte de la exposici\u00f3n y las ponencias, la Fundaci\u00f3n Mobile World Capital Barcelona propone una serie de actividades que se desarrollar\u00e1n en varios puntos de la ciudad con el fin de involucrar al ciudadano com\u00fan con la transformaci\u00f3n m\u00f3vil.<\/p>\n<p>Entre dichas actividades est\u00e1 el poder acudir de forma gratuita gracias a una alianza entre el MWC y Telef\u00f3nica a los lanzamientos de marcas como Samsung, Sony, Microsoft, LG, Huawei, Motorola, HTC, Alcatel y ZTE.<\/p>\n<p>&nbsp;<\/p>\n<p>Fuentes:<\/p>\n<p><a href=\"http:\/\/goo.gl\/j9ZRI7\">http:\/\/goo.gl\/j9ZRI7<\/a><\/p>\n<p><a href=\"http:\/\/goo.gl\/JqdsBL\">http:\/\/goo.gl\/JqdsBL<\/a><\/p>\n<p><a href=\"http:\/\/goo.gl\/vD0jLz\">http:\/\/goo.gl\/vD0jLz<\/a><\/p>","protected":false},"excerpt":{"rendered":"<p>Por d\u00e9cimo a\u00f1o consecutivo la industria m\u00f3vil se re\u00fane en Barcelona para celebrar el GSMA Mobile World Congress (MWC) 2015, [&hellip;]<\/p>\n","protected":false},"author":5,"featured_media":1332,"comment_status":"open","ping_status":"open","sticky":false,"template":"","format":"standard","meta":{"_monsterinsights_skip_tracking":false,"_monsterinsights_sitenote_active":false,"_monsterinsights_sitenote_note":"","_monsterinsights_sitenote_category":0,"site-sidebar-layout":"default","site-content-layout":"","ast-site-content-layout":"default","site-content-style":"default","site-sidebar-style":"default","ast-global-header-display":"","ast-banner-title-visibility":"","ast-main-header-display":"","ast-hfb-above-header-display":"","ast-hfb-below-header-display":"","ast-hfb-mobile-header-display":"","site-post-title":"","ast-breadcrumbs-content":"","ast-featured-img":"","footer-sml-layout":"","ast-disable-related-posts":"","theme-transparent-header-meta":"","adv-header-id-meta":"","stick-header-meta":"","header-above-stick-meta":"","header-main-stick-meta":"","header-below-stick-meta":"","astra-migrate-meta-layouts":"default","ast-page-background-enabled":"default","ast-page-background-meta":{"desktop":{"background-color":"var(--ast-global-color-4)","background-image":"","background-repeat":"repeat","background-position":"center center","background-size":"auto","background-attachment":"scroll","background-type":"","background-media":"","overlay-type":"","overlay-color":"","overlay-opacity":"","overlay-gradient":""},"tablet":{"background-color":"","background-image":"","background-repeat":"repeat","background-position":"center center","background-size":"auto","background-attachment":"scroll","background-type":"","background-media":"","overlay-type":"","overlay-color":"","overlay-opacity":"","overlay-gradient":""},"mobile":{"background-color":"","background-image":"","background-repeat":"repeat","background-position":"center center","background-size":"auto","background-attachment":"scroll","background-type":"","background-media":"","overlay-type":"","overlay-color":"","overlay-opacity":"","overlay-gradient":""}},"ast-content-background-meta":{"desktop":{"background-color":"var(--ast-global-color-5)","background-image":"","background-repeat":"repeat","background-position":"center center","background-size":"auto","background-attachment":"scroll","background-type":"","background-media":"","overlay-type":"","overlay-color":"","overlay-opacity":"","overlay-gradient":""},"tablet":{"background-color":"var(--ast-global-color-5)","background-image":"","background-repeat":"repeat","background-position":"center center","background-size":"auto","background-attachment":"scroll","background-type":"","background-media":"","overlay-type":"","overlay-color":"","overlay-opacity":"","overlay-gradient":""},"mobile":{"background-color":"var(--ast-global-color-5)","background-image":"","background-repeat":"repeat","background-position":"center center","background-size":"auto","background-attachment":"scroll","background-type":"","background-media":"","overlay-type":"","overlay-color":"","overlay-opacity":"","overlay-gradient":""}},"footnotes":""},"categories":[16,31,25],"tags":[90,91,93],"class_list":["post-1330","post","type-post","status-publish","format-standard","has-post-thumbnail","hentry","category-blog","category-dispositivos-moviles","category-movilidad","tag-comercio-movil","tag-movilidad","tag-tecnologia"],"yoast_head":"<!-- This site is optimized with the Yoast SEO plugin v27.3 - https:\/\/yoast.com\/product\/yoast-seo-wordpress\/ -->\n<title>Mobile World Congress 2015: evento m\u00f3vil m\u00e1s esperado - Somos Tedexis - Soluciones m\u00f3viles seguras<\/title>\n<meta name=\"description\" content=\"Durante cuatro d\u00edas la ciudad de Barcelona recibir\u00e1 al Mobile World Congress, el evento m\u00e1s importante del sector de la comunicaci\u00f3n m\u00f3vil.\" \/>\n<meta name=\"robots\" content=\"index, follow, max-snippet:-1, max-image-preview:large, max-video-preview:-1\" \/>\n<link rel=\"canonical\" href=\"https:\/\/www.tedexis.com\/en\/blog\/mobile-world-congress-2015-evento-movil-mas-esperado\/\" \/>\n<meta property=\"og:locale\" content=\"en_US\" \/>\n<meta property=\"og:type\" content=\"article\" \/>\n<meta property=\"og:title\" content=\"Mobile World Congress 2015: evento m\u00f3vil m\u00e1s esperado - Somos Tedexis - Soluciones m\u00f3viles seguras\" \/>\n<meta property=\"og:description\" content=\"Durante cuatro d\u00edas la ciudad de Barcelona recibir\u00e1 al Mobile World Congress, el evento m\u00e1s importante del sector de la comunicaci\u00f3n m\u00f3vil.\" \/>\n<meta property=\"og:url\" content=\"https:\/\/www.tedexis.com\/en\/blog\/mobile-world-congress-2015-evento-movil-mas-esperado\/\" \/>\n<meta property=\"og:site_name\" content=\"Somos Tedexis - Soluciones m\u00f3viles seguras\" \/>\n<meta property=\"article:publisher\" content=\"https:\/\/www.facebook.com\/Tedexis\" \/>\n<meta property=\"article:published_time\" content=\"2015-03-02T13:30:28+00:00\" \/>\n<meta property=\"article:modified_time\" content=\"2015-03-02T13:31:59+00:00\" \/>\n<meta property=\"og:image\" content=\"https:\/\/www.tedexis.com\/wp-content\/uploads\/2015\/02\/Mobile-World-Congress-2015.jpg\" \/>\n\t<meta property=\"og:image:width\" content=\"520\" \/>\n\t<meta property=\"og:image:height\" content=\"280\" \/>\n\t<meta property=\"og:image:type\" content=\"image\/jpeg\" \/>\n<meta name=\"twitter:card\" content=\"summary_large_image\" \/>\n<meta name=\"twitter:creator\" content=\"@tedexis\" \/>\n<meta name=\"twitter:site\" content=\"@tedexis\" \/>\n<meta name=\"twitter:label1\" content=\"Written by\" \/>\n\t<meta name=\"twitter:data1\" content=\"\" \/>\n\t<meta name=\"twitter:label2\" content=\"Est. reading time\" \/>\n\t<meta name=\"twitter:data2\" content=\"2 minutes\" \/>\n<script type=\"application\/ld+json\" class=\"yoast-schema-graph\">{\"@context\":\"https:\\\/\\\/schema.org\",\"@graph\":[{\"@type\":\"Article\",\"@id\":\"https:\\\/\\\/www.tedexis.com\\\/blog\\\/mobile-world-congress-2015-evento-movil-mas-esperado\\\/#article\",\"isPartOf\":{\"@id\":\"https:\\\/\\\/www.tedexis.com\\\/blog\\\/mobile-world-congress-2015-evento-movil-mas-esperado\\\/\"},\"author\":{\"name\":\"\",\"@id\":\"\"},\"headline\":\"Mobile World Congress 2015: evento m\u00f3vil m\u00e1s esperado\",\"datePublished\":\"2015-03-02T13:30:28+00:00\",\"dateModified\":\"2015-03-02T13:31:59+00:00\",\"mainEntityOfPage\":{\"@id\":\"https:\\\/\\\/www.tedexis.com\\\/blog\\\/mobile-world-congress-2015-evento-movil-mas-esperado\\\/\"},\"wordCount\":434,\"commentCount\":0,\"publisher\":{\"@id\":\"https:\\\/\\\/www.tedexis.com\\\/#organization\"},\"image\":{\"@id\":\"https:\\\/\\\/www.tedexis.com\\\/blog\\\/mobile-world-congress-2015-evento-movil-mas-esperado\\\/#primaryimage\"},\"thumbnailUrl\":\"https:\\\/\\\/www.tedexis.com\\\/wp-content\\\/uploads\\\/2015\\\/02\\\/Mobile-World-Congress-2015.jpg\",\"keywords\":[\"Comercio M\u00f3vil\",\"Movilidad\",\"Tecnolog\u00eda\"],\"articleSection\":[\"Blog\",\"Dispositivos M\u00f3viles\",\"Movilidad\"],\"inLanguage\":\"en-US\",\"potentialAction\":[{\"@type\":\"CommentAction\",\"name\":\"Comment\",\"target\":[\"https:\\\/\\\/www.tedexis.com\\\/blog\\\/mobile-world-congress-2015-evento-movil-mas-esperado\\\/#respond\"]}]},{\"@type\":\"WebPage\",\"@id\":\"https:\\\/\\\/www.tedexis.com\\\/blog\\\/mobile-world-congress-2015-evento-movil-mas-esperado\\\/\",\"url\":\"https:\\\/\\\/www.tedexis.com\\\/blog\\\/mobile-world-congress-2015-evento-movil-mas-esperado\\\/\",\"name\":\"Mobile World Congress 2015: evento m\u00f3vil m\u00e1s esperado - Somos Tedexis - Soluciones m\u00f3viles seguras\",\"isPartOf\":{\"@id\":\"https:\\\/\\\/www.tedexis.com\\\/#website\"},\"primaryImageOfPage\":{\"@id\":\"https:\\\/\\\/www.tedexis.com\\\/blog\\\/mobile-world-congress-2015-evento-movil-mas-esperado\\\/#primaryimage\"},\"image\":{\"@id\":\"https:\\\/\\\/www.tedexis.com\\\/blog\\\/mobile-world-congress-2015-evento-movil-mas-esperado\\\/#primaryimage\"},\"thumbnailUrl\":\"https:\\\/\\\/www.tedexis.com\\\/wp-content\\\/uploads\\\/2015\\\/02\\\/Mobile-World-Congress-2015.jpg\",\"datePublished\":\"2015-03-02T13:30:28+00:00\",\"dateModified\":\"2015-03-02T13:31:59+00:00\",\"description\":\"Durante cuatro d\u00edas la ciudad de Barcelona recibir\u00e1 al Mobile World Congress, el evento m\u00e1s importante del sector de la comunicaci\u00f3n m\u00f3vil.\",\"breadcrumb\":{\"@id\":\"https:\\\/\\\/www.tedexis.com\\\/blog\\\/mobile-world-congress-2015-evento-movil-mas-esperado\\\/#breadcrumb\"},\"inLanguage\":\"en-US\",\"potentialAction\":[{\"@type\":\"ReadAction\",\"target\":[\"https:\\\/\\\/www.tedexis.com\\\/blog\\\/mobile-world-congress-2015-evento-movil-mas-esperado\\\/\"]}]},{\"@type\":\"ImageObject\",\"inLanguage\":\"en-US\",\"@id\":\"https:\\\/\\\/www.tedexis.com\\\/blog\\\/mobile-world-congress-2015-evento-movil-mas-esperado\\\/#primaryimage\",\"url\":\"https:\\\/\\\/www.tedexis.com\\\/wp-content\\\/uploads\\\/2015\\\/02\\\/Mobile-World-Congress-2015.jpg\",\"contentUrl\":\"https:\\\/\\\/www.tedexis.com\\\/wp-content\\\/uploads\\\/2015\\\/02\\\/Mobile-World-Congress-2015.jpg\",\"width\":520,\"height\":280,\"caption\":\"Mobile World Congress 2015\"},{\"@type\":\"BreadcrumbList\",\"@id\":\"https:\\\/\\\/www.tedexis.com\\\/blog\\\/mobile-world-congress-2015-evento-movil-mas-esperado\\\/#breadcrumb\",\"itemListElement\":[{\"@type\":\"ListItem\",\"position\":1,\"name\":\"Portada\",\"item\":\"https:\\\/\\\/www.tedexis.com\\\/\"},{\"@type\":\"ListItem\",\"position\":2,\"name\":\"Mobile World Congress 2015: evento m\u00f3vil m\u00e1s esperado\"}]},{\"@type\":\"WebSite\",\"@id\":\"https:\\\/\\\/www.tedexis.com\\\/#website\",\"url\":\"https:\\\/\\\/www.tedexis.com\\\/\",\"name\":\"Somos Tedexis - Soluciones m\u00f3viles seguras\",\"description\":\"Tedexis es una empresa l\u00edder en soluciones m\u00f3viles, mensajer\u00eda y gesti\u00f3n de tr\u00e1fico SMS en Am\u00e9rica Latina. Cont\u00e1ctanos hoy mismo.\",\"publisher\":{\"@id\":\"https:\\\/\\\/www.tedexis.com\\\/#organization\"},\"alternateName\":\"Tedexis\",\"potentialAction\":[{\"@type\":\"SearchAction\",\"target\":{\"@type\":\"EntryPoint\",\"urlTemplate\":\"https:\\\/\\\/www.tedexis.com\\\/?s={search_term_string}\"},\"query-input\":{\"@type\":\"PropertyValueSpecification\",\"valueRequired\":true,\"valueName\":\"search_term_string\"}}],\"inLanguage\":\"en-US\"},{\"@type\":\"Organization\",\"@id\":\"https:\\\/\\\/www.tedexis.com\\\/#organization\",\"name\":\"Tedexis\",\"alternateName\":\"Tedexis\",\"url\":\"https:\\\/\\\/www.tedexis.com\\\/\",\"logo\":{\"@type\":\"ImageObject\",\"inLanguage\":\"en-US\",\"@id\":\"https:\\\/\\\/www.tedexis.com\\\/#\\\/schema\\\/logo\\\/image\\\/\",\"url\":\"https:\\\/\\\/www.tedexis.com\\\/wp-content\\\/uploads\\\/2024\\\/06\\\/logo-tipografia-tedexis2-.png\",\"contentUrl\":\"https:\\\/\\\/www.tedexis.com\\\/wp-content\\\/uploads\\\/2024\\\/06\\\/logo-tipografia-tedexis2-.png\",\"width\":1240,\"height\":429,\"caption\":\"Tedexis\"},\"image\":{\"@id\":\"https:\\\/\\\/www.tedexis.com\\\/#\\\/schema\\\/logo\\\/image\\\/\"},\"sameAs\":[\"https:\\\/\\\/www.facebook.com\\\/Tedexis\",\"https:\\\/\\\/x.com\\\/tedexis\",\"https:\\\/\\\/www.linkedin.com\\\/company\\\/tedexis\\\/\"]},{\"@type\":\"Person\",\"@id\":\"\",\"url\":\"https:\\\/\\\/www.tedexis.com\\\/en\\\/blog\\\/author\\\/\"}]}<\/script>\n<!-- \/ Yoast SEO plugin. -->","yoast_head_json":{"title":"Mobile World Congress 2015: evento m\u00f3vil m\u00e1s esperado - Somos Tedexis - Soluciones m\u00f3viles seguras","description":"Durante cuatro d\u00edas la ciudad de Barcelona recibir\u00e1 al Mobile World Congress, el evento m\u00e1s importante del sector de la comunicaci\u00f3n m\u00f3vil.","robots":{"index":"index","follow":"follow","max-snippet":"max-snippet:-1","max-image-preview":"max-image-preview:large","max-video-preview":"max-video-preview:-1"},"canonical":"https:\/\/www.tedexis.com\/en\/blog\/mobile-world-congress-2015-evento-movil-mas-esperado\/","og_locale":"en_US","og_type":"article","og_title":"Mobile World Congress 2015: evento m\u00f3vil m\u00e1s esperado - Somos Tedexis - Soluciones m\u00f3viles seguras","og_description":"Durante cuatro d\u00edas la ciudad de Barcelona recibir\u00e1 al Mobile World Congress, el evento m\u00e1s importante del sector de la comunicaci\u00f3n m\u00f3vil.","og_url":"https:\/\/www.tedexis.com\/en\/blog\/mobile-world-congress-2015-evento-movil-mas-esperado\/","og_site_name":"Somos Tedexis - Soluciones m\u00f3viles seguras","article_publisher":"https:\/\/www.facebook.com\/Tedexis","article_published_time":"2015-03-02T13:30:28+00:00","article_modified_time":"2015-03-02T13:31:59+00:00","og_image":[{"width":520,"height":280,"url":"https:\/\/www.tedexis.com\/wp-content\/uploads\/2015\/02\/Mobile-World-Congress-2015.jpg","type":"image\/jpeg"}],"twitter_card":"summary_large_image","twitter_creator":"@tedexis","twitter_site":"@tedexis","twitter_misc":{"Written by":"","Est. reading time":"2 minutes"},"schema":{"@context":"https:\/\/schema.org","@graph":[{"@type":"Article","@id":"https:\/\/www.tedexis.com\/blog\/mobile-world-congress-2015-evento-movil-mas-esperado\/#article","isPartOf":{"@id":"https:\/\/www.tedexis.com\/blog\/mobile-world-congress-2015-evento-movil-mas-esperado\/"},"author":{"name":"","@id":""},"headline":"Mobile World Congress 2015: evento m\u00f3vil m\u00e1s esperado","datePublished":"2015-03-02T13:30:28+00:00","dateModified":"2015-03-02T13:31:59+00:00","mainEntityOfPage":{"@id":"https:\/\/www.tedexis.com\/blog\/mobile-world-congress-2015-evento-movil-mas-esperado\/"},"wordCount":434,"commentCount":0,"publisher":{"@id":"https:\/\/www.tedexis.com\/#organization"},"image":{"@id":"https:\/\/www.tedexis.com\/blog\/mobile-world-congress-2015-evento-movil-mas-esperado\/#primaryimage"},"thumbnailUrl":"https:\/\/www.tedexis.com\/wp-content\/uploads\/2015\/02\/Mobile-World-Congress-2015.jpg","keywords":["Comercio M\u00f3vil","Movilidad","Tecnolog\u00eda"],"articleSection":["Blog","Dispositivos M\u00f3viles","Movilidad"],"inLanguage":"en-US","potentialAction":[{"@type":"CommentAction","name":"Comment","target":["https:\/\/www.tedexis.com\/blog\/mobile-world-congress-2015-evento-movil-mas-esperado\/#respond"]}]},{"@type":"WebPage","@id":"https:\/\/www.tedexis.com\/blog\/mobile-world-congress-2015-evento-movil-mas-esperado\/","url":"https:\/\/www.tedexis.com\/blog\/mobile-world-congress-2015-evento-movil-mas-esperado\/","name":"Mobile World Congress 2015: evento m\u00f3vil m\u00e1s esperado - Somos Tedexis - Soluciones m\u00f3viles seguras","isPartOf":{"@id":"https:\/\/www.tedexis.com\/#website"},"primaryImageOfPage":{"@id":"https:\/\/www.tedexis.com\/blog\/mobile-world-congress-2015-evento-movil-mas-esperado\/#primaryimage"},"image":{"@id":"https:\/\/www.tedexis.com\/blog\/mobile-world-congress-2015-evento-movil-mas-esperado\/#primaryimage"},"thumbnailUrl":"https:\/\/www.tedexis.com\/wp-content\/uploads\/2015\/02\/Mobile-World-Congress-2015.jpg","datePublished":"2015-03-02T13:30:28+00:00","dateModified":"2015-03-02T13:31:59+00:00","description":"Durante cuatro d\u00edas la ciudad de Barcelona recibir\u00e1 al Mobile World Congress, el evento m\u00e1s importante del sector de la comunicaci\u00f3n m\u00f3vil.","breadcrumb":{"@id":"https:\/\/www.tedexis.com\/blog\/mobile-world-congress-2015-evento-movil-mas-esperado\/#breadcrumb"},"inLanguage":"en-US","potentialAction":[{"@type":"ReadAction","target":["https:\/\/www.tedexis.com\/blog\/mobile-world-congress-2015-evento-movil-mas-esperado\/"]}]},{"@type":"ImageObject","inLanguage":"en-US","@id":"https:\/\/www.tedexis.com\/blog\/mobile-world-congress-2015-evento-movil-mas-esperado\/#primaryimage","url":"https:\/\/www.tedexis.com\/wp-content\/uploads\/2015\/02\/Mobile-World-Congress-2015.jpg","contentUrl":"https:\/\/www.tedexis.com\/wp-content\/uploads\/2015\/02\/Mobile-World-Congress-2015.jpg","width":520,"height":280,"caption":"Mobile World Congress 2015"},{"@type":"BreadcrumbList","@id":"https:\/\/www.tedexis.com\/blog\/mobile-world-congress-2015-evento-movil-mas-esperado\/#breadcrumb","itemListElement":[{"@type":"ListItem","position":1,"name":"Portada","item":"https:\/\/www.tedexis.com\/"},{"@type":"ListItem","position":2,"name":"Mobile World Congress 2015: evento m\u00f3vil m\u00e1s esperado"}]},{"@type":"WebSite","@id":"https:\/\/www.tedexis.com\/#website","url":"https:\/\/www.tedexis.com\/","name":"Somos Tedexis - Soluciones m\u00f3viles seguras","description":"Tedexis es una empresa l\u00edder en soluciones m\u00f3viles, mensajer\u00eda y gesti\u00f3n de tr\u00e1fico SMS en Am\u00e9rica Latina. Cont\u00e1ctanos hoy mismo.","publisher":{"@id":"https:\/\/www.tedexis.com\/#organization"},"alternateName":"Tedexis","potentialAction":[{"@type":"SearchAction","target":{"@type":"EntryPoint","urlTemplate":"https:\/\/www.tedexis.com\/?s={search_term_string}"},"query-input":{"@type":"PropertyValueSpecification","valueRequired":true,"valueName":"search_term_string"}}],"inLanguage":"en-US"},{"@type":"Organization","@id":"https:\/\/www.tedexis.com\/#organization","name":"Tedexis","alternateName":"Tedexis","url":"https:\/\/www.tedexis.com\/","logo":{"@type":"ImageObject","inLanguage":"en-US","@id":"https:\/\/www.tedexis.com\/#\/schema\/logo\/image\/","url":"https:\/\/www.tedexis.com\/wp-content\/uploads\/2024\/06\/logo-tipografia-tedexis2-.png","contentUrl":"https:\/\/www.tedexis.com\/wp-content\/uploads\/2024\/06\/logo-tipografia-tedexis2-.png","width":1240,"height":429,"caption":"Tedexis"},"image":{"@id":"https:\/\/www.tedexis.com\/#\/schema\/logo\/image\/"},"sameAs":["https:\/\/www.facebook.com\/Tedexis","https:\/\/x.com\/tedexis","https:\/\/www.linkedin.com\/company\/tedexis\/"]},{"@type":"Person","@id":"","url":"https:\/\/www.tedexis.com\/en\/blog\/author\/"}]}},"_links":{"self":[{"href":"https:\/\/www.tedexis.com\/en\/wp-json\/wp\/v2\/posts\/1330","targetHints":{"allow":["GET"]}}],"collection":[{"href":"https:\/\/www.tedexis.com\/en\/wp-json\/wp\/v2\/posts"}],"about":[{"href":"https:\/\/www.tedexis.com\/en\/wp-json\/wp\/v2\/types\/post"}],"author":[{"embeddable":true,"href":"https:\/\/www.tedexis.com\/en\/wp-json\/wp\/v2\/users\/5"}],"replies":[{"embeddable":true,"href":"https:\/\/www.tedexis.com\/en\/wp-json\/wp\/v2\/comments?post=1330"}],"version-history":[{"count":3,"href":"https:\/\/www.tedexis.com\/en\/wp-json\/wp\/v2\/posts\/1330\/revisions"}],"predecessor-version":[{"id":1357,"href":"https:\/\/www.tedexis.com\/en\/wp-json\/wp\/v2\/posts\/1330\/revisions\/1357"}],"wp:featuredmedia":[{"embeddable":true,"href":"https:\/\/www.tedexis.com\/en\/wp-json\/wp\/v2\/media\/1332"}],"wp:attachment":[{"href":"https:\/\/www.tedexis.com\/en\/wp-json\/wp\/v2\/media?parent=1330"}],"wp:term":[{"taxonomy":"category","embeddable":true,"href":"https:\/\/www.tedexis.com\/en\/wp-json\/wp\/v2\/categories?post=1330"},{"taxonomy":"post_tag","embeddable":true,"href":"https:\/\/www.tedexis.com\/en\/wp-json\/wp\/v2\/tags?post=1330"}],"curies":[{"name":"wp","href":"https:\/\/api.w.org\/{rel}","templated":true}]}}