{"id":124,"date":"2012-04-02T14:46:17","date_gmt":"2012-04-02T14:46:17","guid":{"rendered":"http:\/\/tedexis.wordpress.com\/?p=124"},"modified":"2012-04-02T14:46:17","modified_gmt":"2012-04-02T14:46:17","slug":"velocidad-de-ancho-de-banda-y-su-impacto-socioeconomico","status":"publish","type":"post","link":"https:\/\/www.tedexis.com\/en\/blog\/velocidad-de-ancho-de-banda-y-su-impacto-socioeconomico\/","title":{"rendered":"Velocidad de ancho de banda y su impacto socioecon\u00f3mico"},"content":{"rendered":"<p><img decoding=\"async\" class=\"alignright\" alt=\"\" src=\"http:\/\/blog.tedexis.com\/files\/2012\/04\/02-Velocidad-AB-Ericsson_Report-300x126.jpg\" width=\"330\" height=\"139\" \/><\/p>\n<div>Un estudio, llevado a cabo conjuntamente por Ericsson, Arthur D. Little y la Universidad Chalmers de Tecnolog\u00eda presentado a finales de 2011, explora los impactos y beneficios socioecon\u00f3micos de las diferentes velocidades de ancho de banda en el mundo. La investigaci\u00f3n concluye que al doblar la velocidad de ancho de banda de un pa\u00eds aumenta su PIB un 0,3 por ciento.<\/div>\n<div>Adicionalmente, el estudio cient\u00edfico confirma que la velocidad de ancho de banda es un factor muy importante en el impulso del desarrollo econ\u00f3mico en toda sociedad.<\/div>\n<div>Los efectos de aumentar la velocidad de ancho de banda se pueden dividir en tres categor\u00edas: efectos directos, indirectos e inducidos.<\/div>\n<p><img fetchpriority=\"high\" decoding=\"async\" class=\"alignleft\" alt=\"\" src=\"http:\/\/blog.tedexis.com\/files\/2012\/04\/03-Velocidad-AB-225x300.jpg\" width=\"230\" height=\"310\" \/><\/p>\n<div>En el corto plazo, se necesitar\u00e1n m\u00e1s puestos de trabajo para crear la nueva infraestructura \u2013 esto es el efecto directo y por lo general, estos puestos de trabajo aparecer\u00e1n en la industria de la construcci\u00f3n, las telecomunicaciones y la electr\u00f3nica.<\/div>\n<div>Los efectos indirectos incluyen el solapamiento de negocios entre un sector y otro. Un ejemplo de esto, son las empresas involucradas en la construcci\u00f3n de la infraestructura, que utilizan servicios de apoyo de otros negocios.<\/div>\n<div>Los efectos inducidos son los m\u00e1s interesantes, ya que conducen a nuevas formas de hacer negocios producto de una mayor velocidad del Internet. Este efecto de un cambio de comportamiento en la sociedad es tambi\u00e9n la dimensi\u00f3n m\u00e1s sostenible del potencial desarrollo.<\/div>\n<div>La relaci\u00f3n entre velocidades de comunicaci\u00f3n mejoradas y crecimiento econ\u00f3mico realizado por \u00e9sta investigaci\u00f3n, prueba que estamos pasando de una sociedad de informaci\u00f3n a una sociedad en red. Esto ofrece a personas y empresas, nuevas oportunidades para innovar, colaborar y socializar.<\/div>\n<div>Como resultado, esto ayuda a que la sociedad sea m\u00e1s productiva a trav\u00e9s del desarrollo de procesos automatizados y simplificados y recolecci\u00f3n de informaci\u00f3n en tiempo real.<\/div>\n<div>El estudio <a href=\"http:\/\/hugin.info\/1061\/R\/1561267\/483187.pdf\"><em>Ericsson Traffic and Market Data Report<\/em><\/a>, recopil\u00f3 data de 33 pa\u00edses, con intervalos de velocidad de ancho de banda de 2 a 20 Mbps, utilizando fuentes de acceso p\u00fablico. Fue publicado en noviembre del 2011.<\/div>","protected":false},"excerpt":{"rendered":"<p>Un estudio, llevado a cabo conjuntamente por Ericsson, Arthur D. Little y la Universidad Chalmers de Tecnolog\u00eda presentado a finales [&hellip;]<\/p>\n","protected":false},"author":2,"featured_media":0,"comment_status":"open","ping_status":"open","sticky":false,"template":"","format":"standard","meta":{"_monsterinsights_skip_tracking":false,"_monsterinsights_sitenote_active":false,"_monsterinsights_sitenote_note":"","_monsterinsights_sitenote_category":0,"site-sidebar-layout":"default","site-content-layout":"","ast-site-content-layout":"default","site-content-style":"default","site-sidebar-style":"default","ast-global-header-display":"","ast-banner-title-visibility":"","ast-main-header-display":"","ast-hfb-above-header-display":"","ast-hfb-below-header-display":"","ast-hfb-mobile-header-display":"","site-post-title":"","ast-breadcrumbs-content":"","ast-featured-img":"","footer-sml-layout":"","ast-disable-related-posts":"","theme-transparent-header-meta":"","adv-header-id-meta":"","stick-header-meta":"","header-above-stick-meta":"","header-main-stick-meta":"","header-below-stick-meta":"","astra-migrate-meta-layouts":"default","ast-page-background-enabled":"default","ast-page-background-meta":{"desktop":{"background-color":"var(--ast-global-color-4)","background-image":"","background-repeat":"repeat","background-position":"center center","background-size":"auto","background-attachment":"scroll","background-type":"","background-media":"","overlay-type":"","overlay-color":"","overlay-opacity":"","overlay-gradient":""},"tablet":{"background-color":"","background-image":"","background-repeat":"repeat","background-position":"center center","background-size":"auto","background-attachment":"scroll","background-type":"","background-media":"","overlay-type":"","overlay-color":"","overlay-opacity":"","overlay-gradient":""},"mobile":{"background-color":"","background-image":"","background-repeat":"repeat","background-position":"center center","background-size":"auto","background-attachment":"scroll","background-type":"","background-media":"","overlay-type":"","overlay-color":"","overlay-opacity":"","overlay-gradient":""}},"ast-content-background-meta":{"desktop":{"background-color":"var(--ast-global-color-5)","background-image":"","background-repeat":"repeat","background-position":"center center","background-size":"auto","background-attachment":"scroll","background-type":"","background-media":"","overlay-type":"","overlay-color":"","overlay-opacity":"","overlay-gradient":""},"tablet":{"background-color":"var(--ast-global-color-5)","background-image":"","background-repeat":"repeat","background-position":"center center","background-size":"auto","background-attachment":"scroll","background-type":"","background-media":"","overlay-type":"","overlay-color":"","overlay-opacity":"","overlay-gradient":""},"mobile":{"background-color":"var(--ast-global-color-5)","background-image":"","background-repeat":"repeat","background-position":"center center","background-size":"auto","background-attachment":"scroll","background-type":"","background-media":"","overlay-type":"","overlay-color":"","overlay-opacity":"","overlay-gradient":""}},"footnotes":""},"categories":[1],"tags":[],"class_list":["post-124","post","type-post","status-publish","format-standard","hentry","category-uncategorized"],"yoast_head":"<!-- This site is optimized with the Yoast SEO plugin v27.3 - https:\/\/yoast.com\/product\/yoast-seo-wordpress\/ -->\n<title>Velocidad de ancho de banda y su impacto socioecon\u00f3mico - Somos Tedexis - Soluciones m\u00f3viles seguras<\/title>\n<meta name=\"description\" content=\"Velocidad de ancho de banda y su impacto socioecon\u00f3mico -\" \/>\n<meta name=\"robots\" content=\"index, follow, max-snippet:-1, max-image-preview:large, max-video-preview:-1\" \/>\n<link rel=\"canonical\" href=\"https:\/\/www.tedexis.com\/en\/blog\/velocidad-de-ancho-de-banda-y-su-impacto-socioeconomico\/\" \/>\n<meta property=\"og:locale\" content=\"en_US\" \/>\n<meta property=\"og:type\" content=\"article\" \/>\n<meta property=\"og:title\" content=\"Velocidad de ancho de banda y su impacto socioecon\u00f3mico - Somos Tedexis - Soluciones m\u00f3viles seguras\" \/>\n<meta property=\"og:description\" content=\"Velocidad de ancho de banda y su impacto socioecon\u00f3mico -\" \/>\n<meta property=\"og:url\" content=\"https:\/\/www.tedexis.com\/en\/blog\/velocidad-de-ancho-de-banda-y-su-impacto-socioeconomico\/\" \/>\n<meta property=\"og:site_name\" content=\"Somos Tedexis - Soluciones m\u00f3viles seguras\" \/>\n<meta property=\"article:publisher\" content=\"https:\/\/www.facebook.com\/Tedexis\" \/>\n<meta property=\"article:published_time\" content=\"2012-04-02T14:46:17+00:00\" \/>\n<meta property=\"og:image\" content=\"http:\/\/blog.tedexis.com\/files\/2012\/04\/02-Velocidad-AB-Ericsson_Report-300x126.jpg\" \/>\n<meta name=\"author\" content=\"tedexis\" \/>\n<meta name=\"twitter:card\" content=\"summary_large_image\" \/>\n<meta name=\"twitter:creator\" content=\"@tedexis\" \/>\n<meta name=\"twitter:site\" content=\"@tedexis\" \/>\n<meta name=\"twitter:label1\" content=\"Written by\" \/>\n\t<meta name=\"twitter:data1\" content=\"tedexis\" \/>\n\t<meta name=\"twitter:label2\" content=\"Est. reading time\" \/>\n\t<meta name=\"twitter:data2\" content=\"2 minutes\" \/>\n<script type=\"application\/ld+json\" class=\"yoast-schema-graph\">{\"@context\":\"https:\\\/\\\/schema.org\",\"@graph\":[{\"@type\":\"Article\",\"@id\":\"https:\\\/\\\/www.tedexis.com\\\/blog\\\/velocidad-de-ancho-de-banda-y-su-impacto-socioeconomico\\\/#article\",\"isPartOf\":{\"@id\":\"https:\\\/\\\/www.tedexis.com\\\/blog\\\/velocidad-de-ancho-de-banda-y-su-impacto-socioeconomico\\\/\"},\"author\":{\"name\":\"tedexis\",\"@id\":\"https:\\\/\\\/www.tedexis.com\\\/#\\\/schema\\\/person\\\/469762de064f4350eb3159bf84554cda\"},\"headline\":\"Velocidad de ancho de banda y su impacto socioecon\u00f3mico\",\"datePublished\":\"2012-04-02T14:46:17+00:00\",\"mainEntityOfPage\":{\"@id\":\"https:\\\/\\\/www.tedexis.com\\\/blog\\\/velocidad-de-ancho-de-banda-y-su-impacto-socioeconomico\\\/\"},\"wordCount\":362,\"commentCount\":0,\"publisher\":{\"@id\":\"https:\\\/\\\/www.tedexis.com\\\/#organization\"},\"image\":{\"@id\":\"https:\\\/\\\/www.tedexis.com\\\/blog\\\/velocidad-de-ancho-de-banda-y-su-impacto-socioeconomico\\\/#primaryimage\"},\"thumbnailUrl\":\"http:\\\/\\\/blog.tedexis.com\\\/files\\\/2012\\\/04\\\/02-Velocidad-AB-Ericsson_Report-300x126.jpg\",\"inLanguage\":\"en-US\",\"potentialAction\":[{\"@type\":\"CommentAction\",\"name\":\"Comment\",\"target\":[\"https:\\\/\\\/www.tedexis.com\\\/blog\\\/velocidad-de-ancho-de-banda-y-su-impacto-socioeconomico\\\/#respond\"]}]},{\"@type\":\"WebPage\",\"@id\":\"https:\\\/\\\/www.tedexis.com\\\/blog\\\/velocidad-de-ancho-de-banda-y-su-impacto-socioeconomico\\\/\",\"url\":\"https:\\\/\\\/www.tedexis.com\\\/blog\\\/velocidad-de-ancho-de-banda-y-su-impacto-socioeconomico\\\/\",\"name\":\"Velocidad de ancho de banda y su impacto socioecon\u00f3mico - Somos Tedexis - Soluciones m\u00f3viles seguras\",\"isPartOf\":{\"@id\":\"https:\\\/\\\/www.tedexis.com\\\/#website\"},\"primaryImageOfPage\":{\"@id\":\"https:\\\/\\\/www.tedexis.com\\\/blog\\\/velocidad-de-ancho-de-banda-y-su-impacto-socioeconomico\\\/#primaryimage\"},\"image\":{\"@id\":\"https:\\\/\\\/www.tedexis.com\\\/blog\\\/velocidad-de-ancho-de-banda-y-su-impacto-socioeconomico\\\/#primaryimage\"},\"thumbnailUrl\":\"http:\\\/\\\/blog.tedexis.com\\\/files\\\/2012\\\/04\\\/02-Velocidad-AB-Ericsson_Report-300x126.jpg\",\"datePublished\":\"2012-04-02T14:46:17+00:00\",\"description\":\"Velocidad de ancho de banda y su impacto socioecon\u00f3mico -\",\"breadcrumb\":{\"@id\":\"https:\\\/\\\/www.tedexis.com\\\/blog\\\/velocidad-de-ancho-de-banda-y-su-impacto-socioeconomico\\\/#breadcrumb\"},\"inLanguage\":\"en-US\",\"potentialAction\":[{\"@type\":\"ReadAction\",\"target\":[\"https:\\\/\\\/www.tedexis.com\\\/blog\\\/velocidad-de-ancho-de-banda-y-su-impacto-socioeconomico\\\/\"]}]},{\"@type\":\"ImageObject\",\"inLanguage\":\"en-US\",\"@id\":\"https:\\\/\\\/www.tedexis.com\\\/blog\\\/velocidad-de-ancho-de-banda-y-su-impacto-socioeconomico\\\/#primaryimage\",\"url\":\"http:\\\/\\\/blog.tedexis.com\\\/files\\\/2012\\\/04\\\/02-Velocidad-AB-Ericsson_Report-300x126.jpg\",\"contentUrl\":\"http:\\\/\\\/blog.tedexis.com\\\/files\\\/2012\\\/04\\\/02-Velocidad-AB-Ericsson_Report-300x126.jpg\"},{\"@type\":\"BreadcrumbList\",\"@id\":\"https:\\\/\\\/www.tedexis.com\\\/blog\\\/velocidad-de-ancho-de-banda-y-su-impacto-socioeconomico\\\/#breadcrumb\",\"itemListElement\":[{\"@type\":\"ListItem\",\"position\":1,\"name\":\"Portada\",\"item\":\"https:\\\/\\\/www.tedexis.com\\\/\"},{\"@type\":\"ListItem\",\"position\":2,\"name\":\"Velocidad de ancho de banda y su impacto socioecon\u00f3mico\"}]},{\"@type\":\"WebSite\",\"@id\":\"https:\\\/\\\/www.tedexis.com\\\/#website\",\"url\":\"https:\\\/\\\/www.tedexis.com\\\/\",\"name\":\"Somos Tedexis - Soluciones m\u00f3viles seguras\",\"description\":\"Tedexis es una empresa l\u00edder en soluciones m\u00f3viles, mensajer\u00eda y gesti\u00f3n de tr\u00e1fico SMS en Am\u00e9rica Latina. Cont\u00e1ctanos hoy mismo.\",\"publisher\":{\"@id\":\"https:\\\/\\\/www.tedexis.com\\\/#organization\"},\"alternateName\":\"Tedexis\",\"potentialAction\":[{\"@type\":\"SearchAction\",\"target\":{\"@type\":\"EntryPoint\",\"urlTemplate\":\"https:\\\/\\\/www.tedexis.com\\\/?s={search_term_string}\"},\"query-input\":{\"@type\":\"PropertyValueSpecification\",\"valueRequired\":true,\"valueName\":\"search_term_string\"}}],\"inLanguage\":\"en-US\"},{\"@type\":\"Organization\",\"@id\":\"https:\\\/\\\/www.tedexis.com\\\/#organization\",\"name\":\"Tedexis\",\"alternateName\":\"Tedexis\",\"url\":\"https:\\\/\\\/www.tedexis.com\\\/\",\"logo\":{\"@type\":\"ImageObject\",\"inLanguage\":\"en-US\",\"@id\":\"https:\\\/\\\/www.tedexis.com\\\/#\\\/schema\\\/logo\\\/image\\\/\",\"url\":\"https:\\\/\\\/www.tedexis.com\\\/wp-content\\\/uploads\\\/2024\\\/06\\\/logo-tipografia-tedexis2-.png\",\"contentUrl\":\"https:\\\/\\\/www.tedexis.com\\\/wp-content\\\/uploads\\\/2024\\\/06\\\/logo-tipografia-tedexis2-.png\",\"width\":1240,\"height\":429,\"caption\":\"Tedexis\"},\"image\":{\"@id\":\"https:\\\/\\\/www.tedexis.com\\\/#\\\/schema\\\/logo\\\/image\\\/\"},\"sameAs\":[\"https:\\\/\\\/www.facebook.com\\\/Tedexis\",\"https:\\\/\\\/x.com\\\/tedexis\",\"https:\\\/\\\/www.linkedin.com\\\/company\\\/tedexis\\\/\"]},{\"@type\":\"Person\",\"@id\":\"https:\\\/\\\/www.tedexis.com\\\/#\\\/schema\\\/person\\\/469762de064f4350eb3159bf84554cda\",\"name\":\"tedexis\",\"image\":{\"@type\":\"ImageObject\",\"inLanguage\":\"en-US\",\"@id\":\"https:\\\/\\\/secure.gravatar.com\\\/avatar\\\/?s=96&d=mm&r=g\",\"url\":\"https:\\\/\\\/secure.gravatar.com\\\/avatar\\\/?s=96&d=mm&r=g\",\"contentUrl\":\"https:\\\/\\\/secure.gravatar.com\\\/avatar\\\/?s=96&d=mm&r=g\",\"caption\":\"tedexis\"},\"url\":\"https:\\\/\\\/www.tedexis.com\\\/en\\\/blog\\\/author\\\/tedexis\\\/\"}]}<\/script>\n<!-- \/ Yoast SEO plugin. -->","yoast_head_json":{"title":"Velocidad de ancho de banda y su impacto socioecon\u00f3mico - Somos Tedexis - Soluciones m\u00f3viles seguras","description":"Velocidad de ancho de banda y su impacto socioecon\u00f3mico -","robots":{"index":"index","follow":"follow","max-snippet":"max-snippet:-1","max-image-preview":"max-image-preview:large","max-video-preview":"max-video-preview:-1"},"canonical":"https:\/\/www.tedexis.com\/en\/blog\/velocidad-de-ancho-de-banda-y-su-impacto-socioeconomico\/","og_locale":"en_US","og_type":"article","og_title":"Velocidad de ancho de banda y su impacto socioecon\u00f3mico - Somos Tedexis - Soluciones m\u00f3viles seguras","og_description":"Velocidad de ancho de banda y su impacto socioecon\u00f3mico -","og_url":"https:\/\/www.tedexis.com\/en\/blog\/velocidad-de-ancho-de-banda-y-su-impacto-socioeconomico\/","og_site_name":"Somos Tedexis - Soluciones m\u00f3viles seguras","article_publisher":"https:\/\/www.facebook.com\/Tedexis","article_published_time":"2012-04-02T14:46:17+00:00","og_image":[{"url":"http:\/\/blog.tedexis.com\/files\/2012\/04\/02-Velocidad-AB-Ericsson_Report-300x126.jpg","type":"","width":"","height":""}],"author":"tedexis","twitter_card":"summary_large_image","twitter_creator":"@tedexis","twitter_site":"@tedexis","twitter_misc":{"Written by":"tedexis","Est. reading time":"2 minutes"},"schema":{"@context":"https:\/\/schema.org","@graph":[{"@type":"Article","@id":"https:\/\/www.tedexis.com\/blog\/velocidad-de-ancho-de-banda-y-su-impacto-socioeconomico\/#article","isPartOf":{"@id":"https:\/\/www.tedexis.com\/blog\/velocidad-de-ancho-de-banda-y-su-impacto-socioeconomico\/"},"author":{"name":"tedexis","@id":"https:\/\/www.tedexis.com\/#\/schema\/person\/469762de064f4350eb3159bf84554cda"},"headline":"Velocidad de ancho de banda y su impacto socioecon\u00f3mico","datePublished":"2012-04-02T14:46:17+00:00","mainEntityOfPage":{"@id":"https:\/\/www.tedexis.com\/blog\/velocidad-de-ancho-de-banda-y-su-impacto-socioeconomico\/"},"wordCount":362,"commentCount":0,"publisher":{"@id":"https:\/\/www.tedexis.com\/#organization"},"image":{"@id":"https:\/\/www.tedexis.com\/blog\/velocidad-de-ancho-de-banda-y-su-impacto-socioeconomico\/#primaryimage"},"thumbnailUrl":"http:\/\/blog.tedexis.com\/files\/2012\/04\/02-Velocidad-AB-Ericsson_Report-300x126.jpg","inLanguage":"en-US","potentialAction":[{"@type":"CommentAction","name":"Comment","target":["https:\/\/www.tedexis.com\/blog\/velocidad-de-ancho-de-banda-y-su-impacto-socioeconomico\/#respond"]}]},{"@type":"WebPage","@id":"https:\/\/www.tedexis.com\/blog\/velocidad-de-ancho-de-banda-y-su-impacto-socioeconomico\/","url":"https:\/\/www.tedexis.com\/blog\/velocidad-de-ancho-de-banda-y-su-impacto-socioeconomico\/","name":"Velocidad de ancho de banda y su impacto socioecon\u00f3mico - Somos Tedexis - Soluciones m\u00f3viles seguras","isPartOf":{"@id":"https:\/\/www.tedexis.com\/#website"},"primaryImageOfPage":{"@id":"https:\/\/www.tedexis.com\/blog\/velocidad-de-ancho-de-banda-y-su-impacto-socioeconomico\/#primaryimage"},"image":{"@id":"https:\/\/www.tedexis.com\/blog\/velocidad-de-ancho-de-banda-y-su-impacto-socioeconomico\/#primaryimage"},"thumbnailUrl":"http:\/\/blog.tedexis.com\/files\/2012\/04\/02-Velocidad-AB-Ericsson_Report-300x126.jpg","datePublished":"2012-04-02T14:46:17+00:00","description":"Velocidad de ancho de banda y su impacto socioecon\u00f3mico -","breadcrumb":{"@id":"https:\/\/www.tedexis.com\/blog\/velocidad-de-ancho-de-banda-y-su-impacto-socioeconomico\/#breadcrumb"},"inLanguage":"en-US","potentialAction":[{"@type":"ReadAction","target":["https:\/\/www.tedexis.com\/blog\/velocidad-de-ancho-de-banda-y-su-impacto-socioeconomico\/"]}]},{"@type":"ImageObject","inLanguage":"en-US","@id":"https:\/\/www.tedexis.com\/blog\/velocidad-de-ancho-de-banda-y-su-impacto-socioeconomico\/#primaryimage","url":"http:\/\/blog.tedexis.com\/files\/2012\/04\/02-Velocidad-AB-Ericsson_Report-300x126.jpg","contentUrl":"http:\/\/blog.tedexis.com\/files\/2012\/04\/02-Velocidad-AB-Ericsson_Report-300x126.jpg"},{"@type":"BreadcrumbList","@id":"https:\/\/www.tedexis.com\/blog\/velocidad-de-ancho-de-banda-y-su-impacto-socioeconomico\/#breadcrumb","itemListElement":[{"@type":"ListItem","position":1,"name":"Portada","item":"https:\/\/www.tedexis.com\/"},{"@type":"ListItem","position":2,"name":"Velocidad de ancho de banda y su impacto socioecon\u00f3mico"}]},{"@type":"WebSite","@id":"https:\/\/www.tedexis.com\/#website","url":"https:\/\/www.tedexis.com\/","name":"Somos Tedexis - Soluciones m\u00f3viles seguras","description":"Tedexis es una empresa l\u00edder en soluciones m\u00f3viles, mensajer\u00eda y gesti\u00f3n de tr\u00e1fico SMS en Am\u00e9rica Latina. Cont\u00e1ctanos hoy mismo.","publisher":{"@id":"https:\/\/www.tedexis.com\/#organization"},"alternateName":"Tedexis","potentialAction":[{"@type":"SearchAction","target":{"@type":"EntryPoint","urlTemplate":"https:\/\/www.tedexis.com\/?s={search_term_string}"},"query-input":{"@type":"PropertyValueSpecification","valueRequired":true,"valueName":"search_term_string"}}],"inLanguage":"en-US"},{"@type":"Organization","@id":"https:\/\/www.tedexis.com\/#organization","name":"Tedexis","alternateName":"Tedexis","url":"https:\/\/www.tedexis.com\/","logo":{"@type":"ImageObject","inLanguage":"en-US","@id":"https:\/\/www.tedexis.com\/#\/schema\/logo\/image\/","url":"https:\/\/www.tedexis.com\/wp-content\/uploads\/2024\/06\/logo-tipografia-tedexis2-.png","contentUrl":"https:\/\/www.tedexis.com\/wp-content\/uploads\/2024\/06\/logo-tipografia-tedexis2-.png","width":1240,"height":429,"caption":"Tedexis"},"image":{"@id":"https:\/\/www.tedexis.com\/#\/schema\/logo\/image\/"},"sameAs":["https:\/\/www.facebook.com\/Tedexis","https:\/\/x.com\/tedexis","https:\/\/www.linkedin.com\/company\/tedexis\/"]},{"@type":"Person","@id":"https:\/\/www.tedexis.com\/#\/schema\/person\/469762de064f4350eb3159bf84554cda","name":"tedexis","image":{"@type":"ImageObject","inLanguage":"en-US","@id":"https:\/\/secure.gravatar.com\/avatar\/?s=96&d=mm&r=g","url":"https:\/\/secure.gravatar.com\/avatar\/?s=96&d=mm&r=g","contentUrl":"https:\/\/secure.gravatar.com\/avatar\/?s=96&d=mm&r=g","caption":"tedexis"},"url":"https:\/\/www.tedexis.com\/en\/blog\/author\/tedexis\/"}]}},"_links":{"self":[{"href":"https:\/\/www.tedexis.com\/en\/wp-json\/wp\/v2\/posts\/124","targetHints":{"allow":["GET"]}}],"collection":[{"href":"https:\/\/www.tedexis.com\/en\/wp-json\/wp\/v2\/posts"}],"about":[{"href":"https:\/\/www.tedexis.com\/en\/wp-json\/wp\/v2\/types\/post"}],"author":[{"embeddable":true,"href":"https:\/\/www.tedexis.com\/en\/wp-json\/wp\/v2\/users\/2"}],"replies":[{"embeddable":true,"href":"https:\/\/www.tedexis.com\/en\/wp-json\/wp\/v2\/comments?post=124"}],"version-history":[{"count":0,"href":"https:\/\/www.tedexis.com\/en\/wp-json\/wp\/v2\/posts\/124\/revisions"}],"wp:attachment":[{"href":"https:\/\/www.tedexis.com\/en\/wp-json\/wp\/v2\/media?parent=124"}],"wp:term":[{"taxonomy":"category","embeddable":true,"href":"https:\/\/www.tedexis.com\/en\/wp-json\/wp\/v2\/categories?post=124"},{"taxonomy":"post_tag","embeddable":true,"href":"https:\/\/www.tedexis.com\/en\/wp-json\/wp\/v2\/tags?post=124"}],"curies":[{"name":"wp","href":"https:\/\/api.w.org\/{rel}","templated":true}]}}